{"id":1557,"date":"2018-11-09T16:17:40","date_gmt":"2018-11-09T15:17:40","guid":{"rendered":"http:\/\/ziemer-celle.de\/rikeswunderkiste\/?p=1557"},"modified":"2025-11-18T18:45:38","modified_gmt":"2025-11-18T17:45:38","slug":"3-zauberhafte-adventskalender-aus-dem-kaufmann-verlag","status":"publish","type":"post","link":"https:\/\/ziemer-celle.de\/rikeswunderkiste\/2018\/11\/09\/3-zauberhafte-adventskalender-aus-dem-kaufmann-verlag\/","title":{"rendered":"3 zauberhafte Adventskalender aus dem Kaufmann Verlag"},"content":{"rendered":"<p>Schon wieder an Weihnachten denken, eigentlich ist es mir viel zu fr\u00fch. Dennoch habe ich die Erfahrung gemacht, dass es sinnvoll ist, rechtzeitig zu planen, um nicht kurz vor dem 1. Dezember un\u00fcberlegt irgendeinen Adventskalender zu kaufen.<\/p>\n<p>Adventskalender \u00fcberschwemmen im Moment den Markt. Die drei die ich vorstelle und die weiteren aus dem Sortiment des Kaufmann Verlags. sind anders, besonders und <strong>zauberhaft<\/strong>. Sie warten nicht mit Geschenken auf, sondern schenken gemeinsame Zeit und Gespr\u00e4che. Sie begeistern Kleine und Gro\u00dfe und helfen dabei die Adventszeit zu gestalten. Dabei gibt es eine gro\u00dfe Auswahl, mal biblisch orientiert, mal eher weltlich.<\/p>\n<p>Ich stelle hier einen Kalender f\u00fcr Kinder ab 6 Jahren vor (<strong>Weihnachten auf dem Ponyhof<\/strong>), einen f\u00fcr Kinder ab 4 Jahren (<strong>Die Weihnachtsgeschichte<\/strong>) und einen f\u00fcr die Kleinen ab ca. 3 Jahren (<strong>Rica und Luna feiern Weihnachten<\/strong>).<\/p>\n<p>Auf\u00a0 der Seite\u00a0<a href=\"https:\/\/www.kaufmann-verlag.de\/de-kaufmann\/\">https:\/\/www.kaufmann-verlag.de\/de-kaufmann\/<\/a>sind viele weiter Adventskalender zu finden.<\/p>\n<p><!--more--><\/p>\n<p><strong>Viel Spa\u00df beim Lesen:<\/strong><\/p>\n<p><strong>Weihnachten auf dem Ponyhof\u00a0 \/\u00a0<\/strong><strong>Ein XXL Adventskalender <\/strong><\/p>\n<p>Barbara Peters , Milada Krautmann<\/p>\n<p><strong>Kaufmann Verlag\u00a0 \u00a0 \u00a0 \u00a0 \u00a0 \u00a0 \u00a0\u00a0<\/strong>ISBN: 978-3780609588\u00a0\u00a0\u00a0\u00a0\u00a0\u00a0\u00a0\u00a0\u00a0 19,95 \u20ac<\/p>\n<p><img data-recalc-dims=\"1\" loading=\"lazy\" decoding=\"async\" class=\"size-medium wp-image-1560 alignright\" src=\"https:\/\/i0.wp.com\/ziemer-celle.de\/rikeswunderkiste\/wp-content\/uploads\/2018\/11\/9783780609588-e71cb795e85dcc0gce10340d48328ea6%40min460.jpg?resize=206%2C300\" alt=\"\" width=\"206\" height=\"300\" srcset=\"https:\/\/i0.wp.com\/ziemer-celle.de\/rikeswunderkiste\/wp-content\/uploads\/2018\/11\/9783780609588-e71cb795e85dcc0gce10340d48328ea6%40min460.jpg?resize=206%2C300&amp;ssl=1 206w, https:\/\/i0.wp.com\/ziemer-celle.de\/rikeswunderkiste\/wp-content\/uploads\/2018\/11\/9783780609588-e71cb795e85dcc0gce10340d48328ea6%40min460.jpg?resize=304%2C444&amp;ssl=1 304w, https:\/\/i0.wp.com\/ziemer-celle.de\/rikeswunderkiste\/wp-content\/uploads\/2018\/11\/9783780609588-e71cb795e85dcc0gce10340d48328ea6%40min460.jpg?w=307&amp;ssl=1 307w\" sizes=\"auto, (max-width: 206px) 100vw, 206px\" \/><\/p>\n<p>Der Adventskalender setzt sich aus mehreren Komponenten zusammen. Ein Vorleseheft mit 24 Geschichten und 11 Bastelbogen. Auf 8 Bogen sind Abbildungen zum Ausschneiden und Basteln und auf 3 Bogen gestanzte Teile zu finden. Vom 1 Dezember bis zum 24 Dezember wird eine fortlaufende Geschichte erz\u00e4hlt. Parallel dazu gibt es f\u00fcr jeden Tag eine Bastelaufgabe, nach und nach w\u00e4chst der Ponyhof und ergibt am Ende ein Gesamtwerk.<\/p>\n<p>Thea lebt mit ihren Eltern und ihren Br\u00fcdern Leo und Benni auf dem Ponyhof. Nat\u00fcrlich gibt es auch einen Hund und Paul den Pferdepfleger. Auch Theas Freundin Mia ist gerne auf dem Ponyhof. Dort gibt es immer viel zu tun und die Familie bezieht die Ponys in die Festvorbereitungen mit ein.<\/p>\n<p><strong>Fazit:<\/strong><\/p>\n<p>Die Erlebnisse der Menschen und Tiere auf dem Ponyhof werden ausf\u00fchrlich berichtet. An manchen Tagen wird es spannend, an anderen Tagen geschieht eher allt\u00e4gliches. Gemeinsam erleben Menschen und Tiere die Adventszeit und feiern zusammen Weihnachten. Die Geschichten erw\u00e4hnen zwar am Rande die christlichen Festtage und Brauchtum, haben aber keinen christlichen Inhalt. Es gibt aber ausreichend Ansatzpunkte an denen Eltern beim Vorlesen dies erg\u00e4nzen k\u00f6nnten. Die Bastelarbeiten begleiten die Geschichte und regen zum spielen und miteinander reden an. Kinder die Interesse an Pferden haben, werden von dem entstehenden Ponyhof begeistert sein. Der Adventskalender ist einfach anders, er \u00fcbersch\u00fcttet Kinder nicht mit Schokolade und Plastikspielzeug. Das gemeinsame Gestalten, Spielen und Erz\u00e4hlen steht im Mittelpunkt. Die Bastelarbeiten lassen sich beliebig mit eigenen Ideen erweitern.<\/p>\n<p>Der Kalender ist f\u00fcr Kinder ab 6 Jahren geeignet, allerdings nur wenn Eltern, Gro\u00dfeltern oder \u00e4ltere Geschwister die Kinder begleiten und unterst\u00fctzen.<\/p>\n<hr \/>\n<p>&nbsp;<\/p>\n<p><strong>Die Weihnachtsgeschichte\/\u00a0<\/strong><strong>Ein Folien -Adventskalender zum Vorlesen und Gestalten eines Fensterbildes<\/strong><\/p>\n<p>Katharina Wilhelm, Tina Nagel<\/p>\n<p><strong>Kaufmann Verlag\u00a0 \u00a0 \u00a0 \u00a0 \u00a0 \u00a0<\/strong>ISBN: 978-3780609489\u00a0\u00a0\u00a0\u00a0\u00a0\u00a0\u00a0\u00a0\u00a0\u00a0\u00a0 14,95 \u20ac<\/p>\n<p><img data-recalc-dims=\"1\" loading=\"lazy\" decoding=\"async\" class=\"size-medium wp-image-1559 alignright\" src=\"https:\/\/i0.wp.com\/ziemer-celle.de\/rikeswunderkiste\/wp-content\/uploads\/2018\/11\/9783780609489-17015114162f695g6a0c0b401d561cd7%40min460.jpg?resize=300%2C212\" alt=\"\" width=\"300\" height=\"212\" srcset=\"https:\/\/i0.wp.com\/ziemer-celle.de\/rikeswunderkiste\/wp-content\/uploads\/2018\/11\/9783780609489-17015114162f695g6a0c0b401d561cd7%40min460.jpg?resize=300%2C212&amp;ssl=1 300w, https:\/\/i0.wp.com\/ziemer-celle.de\/rikeswunderkiste\/wp-content\/uploads\/2018\/11\/9783780609489-17015114162f695g6a0c0b401d561cd7%40min460.jpg?resize=444%2C314&amp;ssl=1 444w, https:\/\/i0.wp.com\/ziemer-celle.de\/rikeswunderkiste\/wp-content\/uploads\/2018\/11\/9783780609489-17015114162f695g6a0c0b401d561cd7%40min460.jpg?w=448&amp;ssl=1 448w\" sizes=\"auto, (max-width: 300px) 100vw, 300px\" \/><\/p>\n<p>Der Kaiser hat eine Volksz\u00e4hlung angeordnet und so m\u00fcssen sich auch Maria und Josef auf den Weg machen. Sie erleben viel und begegnen Menschen und Tieren. Der Adventskalender zum Gestalten eines Fensterbildes und Vorlesen einer fortlaufenden Geschichte berichtet auf 28 Seiten \u00fcber diese besondere Reise, die Ankunft in Bethlehem und das Weihnachtswunder. Zu jeder Tagesgeschichte geh\u00f6rt ein kleines Bild, das sich von einer Folie abziehen l\u00e4sst und auf der Fensterscheibe haftet. Tag f\u00fcr Tag vervollst\u00e4ndigt sich die Weihnachtsgeschichte, Maria und Josef kommen in Bethlehem an, finden Unterkunft im Stall und Jesus wird geboren.<\/p>\n<p><strong>Fazit:<\/strong><\/p>\n<p>Die bereits f\u00fcr j\u00fcngere Kinder ab ca. 4 Jahren verst\u00e4ndlich erz\u00e4hlte biblische Weihnachtsgeschichte spricht die Kinder pers\u00f6nlich an. Bereits im Vorwort werden sie eingeladen, sich auf die Geschichte einzulassen und zu verfolgen was Maria und Josef auf ihrem Weg nach Bethlehem erleben. Begleitend zur Geschichte wird ein Fensterbild gestaltet. Die vorhandenen Folien haften an Glasscheiben und k\u00f6nnen nat\u00fcrlich begleitend noch weiter gestaltet werden. Eltern und Kinder \u2013k\u00f6nnten zum Beispiel mit Transparentpapier Sterne bastel und diese dazu kleben oder mit einem Fensterschreiber den Weg kennzeichnen. Viele Adventskalender sind darauf abgezielt die Kinder Schokolade oder Geschenke erhalten, mit der Vorbereitung auf Weihnachten hat dies oft wenig gemeinsam. Der vorliegende Kalender bereitet nicht nur inhaltlich auf das fest vor, er stellt die Familienaktivit\u00e4t und gemeinsam verbrachte Zeit in den Vordergrund. Vorlesen, zusammen sprechen, ein Bild gestalten, dies sind alles Handlungen die helfen k\u00f6nnen Geborgenheit zu erfahren und Weihnachten lebendig werden zu lassen.<\/p>\n<p>Ein sehr sch\u00f6ner Adventskalender f\u00fcr Kinder ab 4 Jahren.<\/p>\n<hr \/>\n<p><strong>Rica und Luna feiern Weihnachten\/\u00a0<\/strong><strong>Ein Adventskalender zum Vorlesen und Gestalten<\/strong><\/p>\n<p>Klara Kamlah, Johanna Ignjatovic<\/p>\n<p><strong>Kaufmann Verlag\u00a0 \u00a0 \u00a0 \u00a0 \u00a0<\/strong>ISBN: 978-3780609472\u00a0\u00a0\u00a0\u00a0\u00a0\u00a0\u00a0\u00a0\u00a0\u00a0\u00a0 14,95 \u20ac<\/p>\n<p><img data-recalc-dims=\"1\" loading=\"lazy\" decoding=\"async\" class=\"size-medium wp-image-1558 alignright\" src=\"https:\/\/i0.wp.com\/ziemer-celle.de\/rikeswunderkiste\/wp-content\/uploads\/2018\/11\/9783780609472-5a97c05adf69896ga1e0e36b025c7e61%40min460.jpg?resize=300%2C211\" alt=\"\" width=\"300\" height=\"211\" srcset=\"https:\/\/i0.wp.com\/ziemer-celle.de\/rikeswunderkiste\/wp-content\/uploads\/2018\/11\/9783780609472-5a97c05adf69896ga1e0e36b025c7e61%40min460.jpg?resize=300%2C211&amp;ssl=1 300w, https:\/\/i0.wp.com\/ziemer-celle.de\/rikeswunderkiste\/wp-content\/uploads\/2018\/11\/9783780609472-5a97c05adf69896ga1e0e36b025c7e61%40min460.jpg?resize=444%2C312&amp;ssl=1 444w, https:\/\/i0.wp.com\/ziemer-celle.de\/rikeswunderkiste\/wp-content\/uploads\/2018\/11\/9783780609472-5a97c05adf69896ga1e0e36b025c7e61%40min460.jpg?w=448&amp;ssl=1 448w\" sizes=\"auto, (max-width: 300px) 100vw, 300px\" \/><\/p>\n<p>Der Adventskalender zum Gestalten eines Fensterbildes und Vorlesen einer fortlaufenden Geschichte berichtet auf 28 Seiten \u00fcber eine besondere Freundschaft.<\/p>\n<p>Mischa, ein H\u00fctehund erz\u00e4hlt dem Schaf Rica, das etwas Besonderes geschehen wird. Es kommt ein zweiter Hund auf den Hof, ein kleines Hundem\u00e4dchen mit dem Namen Luna. Rica freut sich sehr und zeigt Luna den Hof. Als es schneit, ist Rica au\u00dfer sich vor Freude. Sie ist begeistert und hofft, dass es in diesem Jahr wei\u00dfe Weihnachten gibt. Doch Luna kennt keinen Schnee und wei\u00df nicht was Advent und Weihnachten bedeuten. So erkl\u00e4rt Rica, Luna nach und nach was Weihnachten ist. Dabei begegnen sie vielen anderen Tieren.<\/p>\n<p>F\u00fcr jeden Tag ist auf einer Folie eine Abbildung vorgesehen. Das Bild kann abgel\u00f6st werden und haftet am Fenster. Jeden Tag bis Weihnachten wird das Bild umfangreicher.<\/p>\n<p>Parallel dazu erfahren die Kinder beim Vorlesen jeden Tag etwas mehr, was es mit Weihnachten auf sich hat.<\/p>\n<p><strong>Fazit:<\/strong><\/p>\n<p>Der Adventskalender besteht aus einem 28 seitigen Heft. Im Inneren liegt lose die Folienseite mit den Abbildungen. Dies ist sch\u00f6n, denn so k\u00f6nnen die Kinder in dem Buch nach Weihnachten bl\u00e4ttern und sich alles anschauen. Das Prinzip dieses Kalenders ist es Kindern schrittweise das Weihnachtswunder zu erz\u00e4hlen und mit Hilfe der Bilder das Gef\u00fchl zu vermitteln, dass mit jedem Tag die Vorfreude gr\u00f6\u00dfer wird. Die Geschichten sind zum Vorlesen gedacht, k\u00f6nnen aber auch erz\u00e4hlt werden so individuell angepasst werden.<\/p>\n<p>Ein zauberhafter Kalender, der im n\u00e4chsten Jahr wieder benutzt werden kann. Die Geschichte bietet viele M\u00f6glichkeiten, das Geschehen kreativ zu begleiten. Eltern und Kinder k\u00f6nnen Rica, Luna oder die anderen Tiere aufmalen, ausschneiden und ein eigenes Bild entwerfen oder selbst einmal das kleine Hundem\u00e4dchen oder das Schaf darstellen.<\/p>\n<p>Der Adventskalender bietet gemeinsame Erlebnisse und \u00fcberfrachtet die Adventszeit nicht mit Geschenken und S\u00fc\u00dfigkeiten.<\/p>\n<p>Der Kalender ist f\u00fcr Kinder ab 3 Jahren geeignet.<\/p>\n<p>&nbsp;<\/p>\n","protected":false},"excerpt":{"rendered":"<p>Schon wieder an Weihnachten denken, eigentlich ist es mir viel zu fr\u00fch. Dennoch habe ich die Erfahrung gemacht, dass es sinnvoll ist, rechtzeitig zu planen, um nicht kurz vor dem 1. Dezember un\u00fcberlegt irgendeinen Adventskalender zu kaufen. Adventskalender \u00fcberschwemmen im Moment den Markt. Die drei die ich vorstelle und die weiteren aus dem Sortiment des [&hellip;]<\/p>\n","protected":false},"author":2,"featured_media":0,"comment_status":"open","ping_status":"open","sticky":false,"template":"","format":"standard","meta":{"om_disable_all_campaigns":false,"_exactmetrics_skip_tracking":false,"_exactmetrics_sitenote_active":false,"_exactmetrics_sitenote_note":"","_exactmetrics_sitenote_category":0,"_uf_show_specific_survey":0,"_uf_disable_surveys":false,"_jetpack_newsletter_access":"","_jetpack_dont_email_post_to_subs":false,"_jetpack_newsletter_tier_id":0,"_jetpack_memberships_contains_paywalled_content":false,"_jetpack_memberships_contains_paid_content":false,"footnotes":""},"categories":[484],"tags":[100,103],"class_list":["post-1557","post","type-post","status-publish","format-standard","hentry","category-advent-und-weihnachten","tag-adventskalender","tag-kaufmann-verlag"],"aioseo_notices":[],"jetpack_featured_media_url":"","jetpack_sharing_enabled":true,"jetpack_shortlink":"https:\/\/wp.me\/p93Fuu-p7","jetpack_likes_enabled":true,"_links":{"self":[{"href":"https:\/\/ziemer-celle.de\/rikeswunderkiste\/wp-json\/wp\/v2\/posts\/1557","targetHints":{"allow":["GET"]}}],"collection":[{"href":"https:\/\/ziemer-celle.de\/rikeswunderkiste\/wp-json\/wp\/v2\/posts"}],"about":[{"href":"https:\/\/ziemer-celle.de\/rikeswunderkiste\/wp-json\/wp\/v2\/types\/post"}],"author":[{"embeddable":true,"href":"https:\/\/ziemer-celle.de\/rikeswunderkiste\/wp-json\/wp\/v2\/users\/2"}],"replies":[{"embeddable":true,"href":"https:\/\/ziemer-celle.de\/rikeswunderkiste\/wp-json\/wp\/v2\/comments?post=1557"}],"version-history":[{"count":3,"href":"https:\/\/ziemer-celle.de\/rikeswunderkiste\/wp-json\/wp\/v2\/posts\/1557\/revisions"}],"predecessor-version":[{"id":2648,"href":"https:\/\/ziemer-celle.de\/rikeswunderkiste\/wp-json\/wp\/v2\/posts\/1557\/revisions\/2648"}],"wp:attachment":[{"href":"https:\/\/ziemer-celle.de\/rikeswunderkiste\/wp-json\/wp\/v2\/media?parent=1557"}],"wp:term":[{"taxonomy":"category","embeddable":true,"href":"https:\/\/ziemer-celle.de\/rikeswunderkiste\/wp-json\/wp\/v2\/categories?post=1557"},{"taxonomy":"post_tag","embeddable":true,"href":"https:\/\/ziemer-celle.de\/rikeswunderkiste\/wp-json\/wp\/v2\/tags?post=1557"}],"curies":[{"name":"wp","href":"https:\/\/api.w.org\/{rel}","templated":true}]}}